{"id":808,"date":"2017-09-07T19:22:47","date_gmt":"2017-09-07T19:22:47","guid":{"rendered":"http:\/\/indi.cviladecans.cat\/lindi-science-sinaugura-amb-un-concurs-de-premis-assaigs-de-recerca-per-estudiants-de-doctorat\/"},"modified":"2017-09-07T19:36:26","modified_gmt":"2017-09-07T19:36:26","slug":"lindi-science-sinaugura-amb-un-concurs-de-premis-assaigs-de-recerca-per-estudiants-de-doctorat","status":"publish","type":"post","link":"https:\/\/indi.cat\/es\/lindi-science-sinaugura-amb-un-concurs-de-premis-assaigs-de-recerca-per-estudiants-de-doctorat\/","title":{"rendered":"El IND+I Science se inaugura con un concurso de premios a ensayos de investigaci\u00f3n para estudiantes de doctorado"},"content":{"rendered":"<div class=\"wpb-content-wrapper\"><p>[vc_row][vc_column][vc_column_text el_class=\u00bbsub-titu-negre\u00bb]<\/p>\n<p class=\"p1\">El\u00a0IND+I Science\u00a0se inaugura con un concurso de premios a ensayos de investigaci\u00f3n para estudiantes de doctorado<\/p>\n<p>[\/vc_column_text][vc_single_image image=\u00bb806&#8243; img_size=\u00bbfull\u00bb image_hovers=\u00bbfalse\u00bb][vc_column_text]<\/p>\n<p class=\"p1\"><strong>La plataforma\u00a0IND+I Science\u00a0nace para activar la generaci\u00f3n de conocimiento cient\u00edfico en el \u00e1mbito de la innovaci\u00f3n, la industria y la agenda de las ciudades sostenibles con la intenci\u00f3n de que participen todas las universidades catalanas.<\/strong><\/p>\n<p class=\"p1\"><strong>Este oto\u00f1o se inaugura un nuevo concurso de premios de investigaci\u00f3n para los estudiantes de programas de doctorado de universidades de Catalu\u00f1a, que tiene como objetivo activar la generaci\u00f3n del conocimiento cient\u00edfico en el \u00e1mbito de la innovaci\u00f3n, la industria y la agenda de las ciudades sostenibles. La iniciativa llega de la mano de la\u00a0IND+I, la jornada anual de referencia de innovaci\u00f3n e industria en Viladecans, y del Institute Innovation\u00a0and\u00a0Public Purpose\u00a0(IIPP)\u00a0de la\u00a0University\u00a0College\u00a0London, en colaboraci\u00f3n con el \u00c1rea Metropolitana de Barcelona, el Pacto Industrial de la Regi\u00f3n Metropolitana de Barcelona y el Plan Estrat\u00e9gico Metropolitano de Barcelona.<\/strong><\/p>\n<p class=\"p1\">De este modo, el\u00a0IND+I, el <a href=\"http:\/\/www.pacteindustrial.org\/index.php\/es\" target=\"_blank\" rel=\"noopener noreferrer\">Pacto Industrial<\/a> y el\u00a0<a href=\"http:\/\/pemb.cat\/es\" target=\"_blank\" rel=\"noopener noreferrer\">PEMB<\/a>\u00a0suman esfuerzos para reconocer, divulgar y promover la aplicaci\u00f3n de la investigaci\u00f3n que se hace en las universidades catalanas o por estudiantes catalanes en universidades extranjeras. A pesar de que se han identificado m\u00e1s de 100 grupos de investigaci\u00f3n de disciplinas muy diversas orientados a los temas de los premios, las instituciones promotoras echan de menos un espacio\u00a0aglutinador\u00a0y, especialmente, que haga transferencia de conocimiento hacia las pol\u00edticas p\u00fablicas.<\/p>\n<p class=\"p1\">Es por eso que el\u00a0IND+I Science\u00a0quiere ser un primer punto de encuentro por este ecosistema de innovaci\u00f3n. Pretende hacer un reconocimiento a aquellos proyectos de investigaci\u00f3n que adopten un enfoque de inter\u00e9s p\u00fablico en la innovaci\u00f3n, en la l\u00ednea del modelo de innovaci\u00f3n por misiones propuesto por Mariana\u00a0Mazzucato\u00a0y el recientemente creado\u00a0Institute\u00a0for\u00a0Innovation and\u00a0Public\u00a0Purpose\u00a0(University\u00a0College\u00a0of\u00a0London) que ella dirige y desde el que apadrina esta iniciativa. Hay que recordar que\u00a0IND+I Science\u00a0es una iniciativa m\u00e1s que, igual que el club de lectura\u00a0IND+I Club, deriva del\u00a0IND+I, una jornada anual sobre innovaci\u00f3n e industria que promueve el Ayuntamiento de Viladecans.<\/p>\n<p>A trav\u00e9s del\u00a0IND+I Science\u00a0se otorgar\u00e1n 8 premios de 1.500 euros cada uno al talento local aplicado a resolver retos de futuro. Se clasificar\u00e1n en 4 categor\u00edas: agenda de las ciudades sostenibles (2 premios), innovaci\u00f3n e industria (2 premios), industria verde para el crecimiento sostenible (2 premios), y pol\u00edticas de innovaci\u00f3n metropolitana (2 premios).<\/p>\n<p class=\"p1\">Los candidatos tienen que estar matriculados (en el momento de la presentaci\u00f3n) en un programa de doctorado de cualquier universidad catalana o, en el caso de estudiantes residentes en Catalu\u00f1a, tambi\u00e9n en cualquier programa de doctorado universitario espa\u00f1ol o extranjero. El plazo de presentaci\u00f3n de solicitudes es el 20 de octubre de 2017. Para obtener m\u00e1s informaci\u00f3n detallada sobre los criterios pod\u00e9is consultar las bases de la\u00a0IND+I Science.<\/p>\n<p class=\"p1\">Los candidatos premiados ser\u00e1n invitados a presentar sus ensayos en un simposio donde tambi\u00e9n habr\u00e1 la oportunidad de debatir los ensayos con investigadores s\u00e9niors y debatir con representantes gubernamentales y pol\u00edticos de alto nivel.<\/p>\n<p class=\"p1\">Pod\u00e9is consultar las bases <a href=\"https:\/\/indi.cat\/wp-content\/uploads\/Convo-indi-science-cast_V02.pdf\" target=\"_blank\" rel=\"noopener noreferrer\">aqu\u00ed<\/a>.<\/p>\n<p>[\/vc_column_text][\/vc_column][\/vc_row]<\/p>\n<\/div>","protected":false},"excerpt":{"rendered":"<p>[vc_row][vc_column][vc_column_text el_class=\u00bbsub-titu-negre\u00bb] El\u00a0IND+I Science\u00a0se inaugura con un concurso de premios a ensayos de investigaci\u00f3n para estudiantes de doctorado [\/vc_column_text][vc_single_image image=\u00bb806&#8243; img_size=\u00bbfull\u00bb image_hovers=\u00bbfalse\u00bb][vc_column_text] La plataforma\u00a0IND+I Science\u00a0nace para activar la generaci\u00f3n de conocimiento cient\u00edfico en el \u00e1mbito de la innovaci\u00f3n, la industria y la agenda de las ciudades sostenibles con la intenci\u00f3n de que participen todas las&hellip;<\/p>\n","protected":false},"author":2,"featured_media":539,"comment_status":"closed","ping_status":"open","sticky":false,"template":"","format":"standard","meta":{"footnotes":""},"categories":[29],"tags":[157,31,158,168,159,167,160,161,166,115,42,170,171,162,163,164,165,169,45],"class_list":["post-808","post","type-post","status-publish","format-standard","has-post-thumbnail","hentry","category-noticies-es","tag-assaig-es","tag-barcelona-es","tag-catalunya-es","tag-dinero","tag-diners-es","tag-doctorado","tag-doctorants-es","tag-doctorat-es","tag-ensayo","tag-pacte-industrial","tag-pemb-es","tag-premio","tag-premios","tag-premis-es","tag-recerca-es","tag-science-es","tag-subvencio-es","tag-subvencion","tag-viladecans-es","category-29","description-off"],"yoast_head":"<!-- This site is optimized with the Yoast SEO plugin v27.2 - https:\/\/yoast.com\/product\/yoast-seo-wordpress\/ -->\n<title>El IND+I Science se inaugura con un concurso de premios a ensayos de investigaci\u00f3n para estudiantes de doctorado - IND+I 2025<\/title>\n<meta name=\"robots\" content=\"index, follow, max-snippet:-1, max-image-preview:large, max-video-preview:-1\" \/>\n<link rel=\"canonical\" href=\"https:\/\/indi.cat\/es\/lindi-science-sinaugura-amb-un-concurs-de-premis-assaigs-de-recerca-per-estudiants-de-doctorat\/\" \/>\n<meta property=\"og:locale\" content=\"es_ES\" \/>\n<meta property=\"og:type\" content=\"article\" \/>\n<meta property=\"og:title\" content=\"El IND+I Science se inaugura con un concurso de premios a ensayos de investigaci\u00f3n para estudiantes de doctorado - IND+I 2025\" \/>\n<meta property=\"og:description\" content=\"[vc_row][vc_column][vc_column_text el_class=\u00bbsub-titu-negre\u00bb] El\u00a0IND+I Science\u00a0se inaugura con un concurso de premios a ensayos de investigaci\u00f3n para estudiantes de doctorado [\/vc_column_text][vc_single_image image=\u00bb806&#8243; img_size=\u00bbfull\u00bb image_hovers=\u00bbfalse\u00bb][vc_column_text] La plataforma\u00a0IND+I Science\u00a0nace para activar la generaci\u00f3n de conocimiento cient\u00edfico en el \u00e1mbito de la innovaci\u00f3n, la industria y la agenda de las ciudades sostenibles con la intenci\u00f3n de que participen todas las&hellip;\" \/>\n<meta property=\"og:url\" content=\"https:\/\/indi.cat\/es\/lindi-science-sinaugura-amb-un-concurs-de-premis-assaigs-de-recerca-per-estudiants-de-doctorat\/\" \/>\n<meta property=\"og:site_name\" content=\"IND+I 2025\" \/>\n<meta property=\"article:published_time\" content=\"2017-09-07T19:22:47+00:00\" \/>\n<meta property=\"article:modified_time\" content=\"2017-09-07T19:36:26+00:00\" \/>\n<meta property=\"og:image\" content=\"https:\/\/indi.cat\/wp-content\/uploads\/indi20171.gif\" \/>\n\t<meta property=\"og:image:width\" content=\"200\" \/>\n\t<meta property=\"og:image:height\" content=\"200\" \/>\n\t<meta property=\"og:image:type\" content=\"image\/gif\" \/>\n<meta name=\"author\" content=\"Viladecans\" \/>\n<meta name=\"twitter:card\" content=\"summary_large_image\" \/>\n<meta name=\"twitter:creator\" content=\"@INDI_viladecans\" \/>\n<meta name=\"twitter:site\" content=\"@INDI_viladecans\" \/>\n<script type=\"application\/ld+json\" class=\"yoast-schema-graph\">{\"@context\":\"https:\/\/schema.org\",\"@graph\":[{\"@type\":\"Article\",\"@id\":\"https:\/\/indi.cat\/es\/lindi-science-sinaugura-amb-un-concurs-de-premis-assaigs-de-recerca-per-estudiants-de-doctorat\/#article\",\"isPartOf\":{\"@id\":\"https:\/\/indi.cat\/es\/lindi-science-sinaugura-amb-un-concurs-de-premis-assaigs-de-recerca-per-estudiants-de-doctorat\/\"},\"author\":{\"name\":\"Viladecans\",\"@id\":\"https:\/\/indi.cat\/#\/schema\/person\/f626896f5ce24538d0f0f3c9bd60d194\"},\"headline\":\"El IND+I Science se inaugura con un concurso de premios a ensayos de investigaci\u00f3n para estudiantes de doctorado\",\"datePublished\":\"2017-09-07T19:22:47+00:00\",\"dateModified\":\"2017-09-07T19:36:26+00:00\",\"mainEntityOfPage\":{\"@id\":\"https:\/\/indi.cat\/es\/lindi-science-sinaugura-amb-un-concurs-de-premis-assaigs-de-recerca-per-estudiants-de-doctorat\/\"},\"wordCount\":616,\"image\":{\"@id\":\"https:\/\/indi.cat\/es\/lindi-science-sinaugura-amb-un-concurs-de-premis-assaigs-de-recerca-per-estudiants-de-doctorat\/#primaryimage\"},\"thumbnailUrl\":\"https:\/\/indi.cat\/wp-content\/uploads\/indi20171.gif\",\"keywords\":[\"assaig\",\"barcelona\",\"catalunya\",\"dinero\",\"diners\",\"doctorado\",\"doctorants\",\"doctorat\",\"ensayo\",\"pacte industrial\",\"pemb\",\"premio\",\"premios\",\"premis\",\"recerca\",\"science\",\"subvenci\u00f3\",\"subvencion\",\"viladecans\"],\"articleSection\":[\"noticies\"],\"inLanguage\":\"es\"},{\"@type\":\"WebPage\",\"@id\":\"https:\/\/indi.cat\/es\/lindi-science-sinaugura-amb-un-concurs-de-premis-assaigs-de-recerca-per-estudiants-de-doctorat\/\",\"url\":\"https:\/\/indi.cat\/es\/lindi-science-sinaugura-amb-un-concurs-de-premis-assaigs-de-recerca-per-estudiants-de-doctorat\/\",\"name\":\"El IND+I Science se inaugura con un concurso de premios a ensayos de investigaci\u00f3n para estudiantes de doctorado - IND+I 2025\",\"isPartOf\":{\"@id\":\"https:\/\/indi.cat\/#website\"},\"primaryImageOfPage\":{\"@id\":\"https:\/\/indi.cat\/es\/lindi-science-sinaugura-amb-un-concurs-de-premis-assaigs-de-recerca-per-estudiants-de-doctorat\/#primaryimage\"},\"image\":{\"@id\":\"https:\/\/indi.cat\/es\/lindi-science-sinaugura-amb-un-concurs-de-premis-assaigs-de-recerca-per-estudiants-de-doctorat\/#primaryimage\"},\"thumbnailUrl\":\"https:\/\/indi.cat\/wp-content\/uploads\/indi20171.gif\",\"datePublished\":\"2017-09-07T19:22:47+00:00\",\"dateModified\":\"2017-09-07T19:36:26+00:00\",\"author\":{\"@id\":\"https:\/\/indi.cat\/#\/schema\/person\/f626896f5ce24538d0f0f3c9bd60d194\"},\"breadcrumb\":{\"@id\":\"https:\/\/indi.cat\/es\/lindi-science-sinaugura-amb-un-concurs-de-premis-assaigs-de-recerca-per-estudiants-de-doctorat\/#breadcrumb\"},\"inLanguage\":\"es\",\"potentialAction\":[{\"@type\":\"ReadAction\",\"target\":[\"https:\/\/indi.cat\/es\/lindi-science-sinaugura-amb-un-concurs-de-premis-assaigs-de-recerca-per-estudiants-de-doctorat\/\"]}]},{\"@type\":\"ImageObject\",\"inLanguage\":\"es\",\"@id\":\"https:\/\/indi.cat\/es\/lindi-science-sinaugura-amb-un-concurs-de-premis-assaigs-de-recerca-per-estudiants-de-doctorat\/#primaryimage\",\"url\":\"https:\/\/indi.cat\/wp-content\/uploads\/indi20171.gif\",\"contentUrl\":\"https:\/\/indi.cat\/wp-content\/uploads\/indi20171.gif\",\"width\":200,\"height\":200},{\"@type\":\"BreadcrumbList\",\"@id\":\"https:\/\/indi.cat\/es\/lindi-science-sinaugura-amb-un-concurs-de-premis-assaigs-de-recerca-per-estudiants-de-doctorat\/#breadcrumb\",\"itemListElement\":[{\"@type\":\"ListItem\",\"position\":1,\"name\":\"Home\",\"item\":\"https:\/\/indi.cat\/es\/\"},{\"@type\":\"ListItem\",\"position\":2,\"name\":\"El IND+I Science se inaugura con un concurso de premios a ensayos de investigaci\u00f3n para estudiantes de doctorado\"}]},{\"@type\":\"WebSite\",\"@id\":\"https:\/\/indi.cat\/#website\",\"url\":\"https:\/\/indi.cat\/\",\"name\":\"IND+I 2025\",\"description\":\"Viladecans\",\"potentialAction\":[{\"@type\":\"SearchAction\",\"target\":{\"@type\":\"EntryPoint\",\"urlTemplate\":\"https:\/\/indi.cat\/?s={search_term_string}\"},\"query-input\":{\"@type\":\"PropertyValueSpecification\",\"valueRequired\":true,\"valueName\":\"search_term_string\"}}],\"inLanguage\":\"es\"},{\"@type\":\"Person\",\"@id\":\"https:\/\/indi.cat\/#\/schema\/person\/f626896f5ce24538d0f0f3c9bd60d194\",\"name\":\"Viladecans\",\"image\":{\"@type\":\"ImageObject\",\"inLanguage\":\"es\",\"@id\":\"https:\/\/secure.gravatar.com\/avatar\/e2628e185adf02fa5908f8939a786c0367b888717614b01bb310a9b9cd271c45?s=96&d=mm&r=g\",\"url\":\"https:\/\/secure.gravatar.com\/avatar\/e2628e185adf02fa5908f8939a786c0367b888717614b01bb310a9b9cd271c45?s=96&d=mm&r=g\",\"contentUrl\":\"https:\/\/secure.gravatar.com\/avatar\/e2628e185adf02fa5908f8939a786c0367b888717614b01bb310a9b9cd271c45?s=96&d=mm&r=g\",\"caption\":\"Viladecans\"},\"url\":\"https:\/\/indi.cat\/es\/author\/viladecans\/\"}]}<\/script>\n<!-- \/ Yoast SEO plugin. -->","yoast_head_json":{"title":"El IND+I Science se inaugura con un concurso de premios a ensayos de investigaci\u00f3n para estudiantes de doctorado - IND+I 2025","robots":{"index":"index","follow":"follow","max-snippet":"max-snippet:-1","max-image-preview":"max-image-preview:large","max-video-preview":"max-video-preview:-1"},"canonical":"https:\/\/indi.cat\/es\/lindi-science-sinaugura-amb-un-concurs-de-premis-assaigs-de-recerca-per-estudiants-de-doctorat\/","og_locale":"es_ES","og_type":"article","og_title":"El IND+I Science se inaugura con un concurso de premios a ensayos de investigaci\u00f3n para estudiantes de doctorado - IND+I 2025","og_description":"[vc_row][vc_column][vc_column_text el_class=\u00bbsub-titu-negre\u00bb] El\u00a0IND+I Science\u00a0se inaugura con un concurso de premios a ensayos de investigaci\u00f3n para estudiantes de doctorado [\/vc_column_text][vc_single_image image=\u00bb806&#8243; img_size=\u00bbfull\u00bb image_hovers=\u00bbfalse\u00bb][vc_column_text] La plataforma\u00a0IND+I Science\u00a0nace para activar la generaci\u00f3n de conocimiento cient\u00edfico en el \u00e1mbito de la innovaci\u00f3n, la industria y la agenda de las ciudades sostenibles con la intenci\u00f3n de que participen todas las&hellip;","og_url":"https:\/\/indi.cat\/es\/lindi-science-sinaugura-amb-un-concurs-de-premis-assaigs-de-recerca-per-estudiants-de-doctorat\/","og_site_name":"IND+I 2025","article_published_time":"2017-09-07T19:22:47+00:00","article_modified_time":"2017-09-07T19:36:26+00:00","og_image":[{"width":200,"height":200,"url":"https:\/\/indi.cat\/wp-content\/uploads\/indi20171.gif","type":"image\/gif"}],"author":"Viladecans","twitter_card":"summary_large_image","twitter_creator":"@INDI_viladecans","twitter_site":"@INDI_viladecans","schema":{"@context":"https:\/\/schema.org","@graph":[{"@type":"Article","@id":"https:\/\/indi.cat\/es\/lindi-science-sinaugura-amb-un-concurs-de-premis-assaigs-de-recerca-per-estudiants-de-doctorat\/#article","isPartOf":{"@id":"https:\/\/indi.cat\/es\/lindi-science-sinaugura-amb-un-concurs-de-premis-assaigs-de-recerca-per-estudiants-de-doctorat\/"},"author":{"name":"Viladecans","@id":"https:\/\/indi.cat\/#\/schema\/person\/f626896f5ce24538d0f0f3c9bd60d194"},"headline":"El IND+I Science se inaugura con un concurso de premios a ensayos de investigaci\u00f3n para estudiantes de doctorado","datePublished":"2017-09-07T19:22:47+00:00","dateModified":"2017-09-07T19:36:26+00:00","mainEntityOfPage":{"@id":"https:\/\/indi.cat\/es\/lindi-science-sinaugura-amb-un-concurs-de-premis-assaigs-de-recerca-per-estudiants-de-doctorat\/"},"wordCount":616,"image":{"@id":"https:\/\/indi.cat\/es\/lindi-science-sinaugura-amb-un-concurs-de-premis-assaigs-de-recerca-per-estudiants-de-doctorat\/#primaryimage"},"thumbnailUrl":"https:\/\/indi.cat\/wp-content\/uploads\/indi20171.gif","keywords":["assaig","barcelona","catalunya","dinero","diners","doctorado","doctorants","doctorat","ensayo","pacte industrial","pemb","premio","premios","premis","recerca","science","subvenci\u00f3","subvencion","viladecans"],"articleSection":["noticies"],"inLanguage":"es"},{"@type":"WebPage","@id":"https:\/\/indi.cat\/es\/lindi-science-sinaugura-amb-un-concurs-de-premis-assaigs-de-recerca-per-estudiants-de-doctorat\/","url":"https:\/\/indi.cat\/es\/lindi-science-sinaugura-amb-un-concurs-de-premis-assaigs-de-recerca-per-estudiants-de-doctorat\/","name":"El IND+I Science se inaugura con un concurso de premios a ensayos de investigaci\u00f3n para estudiantes de doctorado - IND+I 2025","isPartOf":{"@id":"https:\/\/indi.cat\/#website"},"primaryImageOfPage":{"@id":"https:\/\/indi.cat\/es\/lindi-science-sinaugura-amb-un-concurs-de-premis-assaigs-de-recerca-per-estudiants-de-doctorat\/#primaryimage"},"image":{"@id":"https:\/\/indi.cat\/es\/lindi-science-sinaugura-amb-un-concurs-de-premis-assaigs-de-recerca-per-estudiants-de-doctorat\/#primaryimage"},"thumbnailUrl":"https:\/\/indi.cat\/wp-content\/uploads\/indi20171.gif","datePublished":"2017-09-07T19:22:47+00:00","dateModified":"2017-09-07T19:36:26+00:00","author":{"@id":"https:\/\/indi.cat\/#\/schema\/person\/f626896f5ce24538d0f0f3c9bd60d194"},"breadcrumb":{"@id":"https:\/\/indi.cat\/es\/lindi-science-sinaugura-amb-un-concurs-de-premis-assaigs-de-recerca-per-estudiants-de-doctorat\/#breadcrumb"},"inLanguage":"es","potentialAction":[{"@type":"ReadAction","target":["https:\/\/indi.cat\/es\/lindi-science-sinaugura-amb-un-concurs-de-premis-assaigs-de-recerca-per-estudiants-de-doctorat\/"]}]},{"@type":"ImageObject","inLanguage":"es","@id":"https:\/\/indi.cat\/es\/lindi-science-sinaugura-amb-un-concurs-de-premis-assaigs-de-recerca-per-estudiants-de-doctorat\/#primaryimage","url":"https:\/\/indi.cat\/wp-content\/uploads\/indi20171.gif","contentUrl":"https:\/\/indi.cat\/wp-content\/uploads\/indi20171.gif","width":200,"height":200},{"@type":"BreadcrumbList","@id":"https:\/\/indi.cat\/es\/lindi-science-sinaugura-amb-un-concurs-de-premis-assaigs-de-recerca-per-estudiants-de-doctorat\/#breadcrumb","itemListElement":[{"@type":"ListItem","position":1,"name":"Home","item":"https:\/\/indi.cat\/es\/"},{"@type":"ListItem","position":2,"name":"El IND+I Science se inaugura con un concurso de premios a ensayos de investigaci\u00f3n para estudiantes de doctorado"}]},{"@type":"WebSite","@id":"https:\/\/indi.cat\/#website","url":"https:\/\/indi.cat\/","name":"IND+I 2025","description":"Viladecans","potentialAction":[{"@type":"SearchAction","target":{"@type":"EntryPoint","urlTemplate":"https:\/\/indi.cat\/?s={search_term_string}"},"query-input":{"@type":"PropertyValueSpecification","valueRequired":true,"valueName":"search_term_string"}}],"inLanguage":"es"},{"@type":"Person","@id":"https:\/\/indi.cat\/#\/schema\/person\/f626896f5ce24538d0f0f3c9bd60d194","name":"Viladecans","image":{"@type":"ImageObject","inLanguage":"es","@id":"https:\/\/secure.gravatar.com\/avatar\/e2628e185adf02fa5908f8939a786c0367b888717614b01bb310a9b9cd271c45?s=96&d=mm&r=g","url":"https:\/\/secure.gravatar.com\/avatar\/e2628e185adf02fa5908f8939a786c0367b888717614b01bb310a9b9cd271c45?s=96&d=mm&r=g","contentUrl":"https:\/\/secure.gravatar.com\/avatar\/e2628e185adf02fa5908f8939a786c0367b888717614b01bb310a9b9cd271c45?s=96&d=mm&r=g","caption":"Viladecans"},"url":"https:\/\/indi.cat\/es\/author\/viladecans\/"}]}},"_links":{"self":[{"href":"https:\/\/indi.cat\/es\/wp-json\/wp\/v2\/posts\/808","targetHints":{"allow":["GET"]}}],"collection":[{"href":"https:\/\/indi.cat\/es\/wp-json\/wp\/v2\/posts"}],"about":[{"href":"https:\/\/indi.cat\/es\/wp-json\/wp\/v2\/types\/post"}],"author":[{"embeddable":true,"href":"https:\/\/indi.cat\/es\/wp-json\/wp\/v2\/users\/2"}],"replies":[{"embeddable":true,"href":"https:\/\/indi.cat\/es\/wp-json\/wp\/v2\/comments?post=808"}],"version-history":[{"count":0,"href":"https:\/\/indi.cat\/es\/wp-json\/wp\/v2\/posts\/808\/revisions"}],"wp:featuredmedia":[{"embeddable":true,"href":"https:\/\/indi.cat\/es\/wp-json\/wp\/v2\/media\/539"}],"wp:attachment":[{"href":"https:\/\/indi.cat\/es\/wp-json\/wp\/v2\/media?parent=808"}],"wp:term":[{"taxonomy":"category","embeddable":true,"href":"https:\/\/indi.cat\/es\/wp-json\/wp\/v2\/categories?post=808"},{"taxonomy":"post_tag","embeddable":true,"href":"https:\/\/indi.cat\/es\/wp-json\/wp\/v2\/tags?post=808"}],"curies":[{"name":"wp","href":"https:\/\/api.w.org\/{rel}","templated":true}]}}