{"id":613,"date":"2017-04-10T19:45:18","date_gmt":"2017-04-10T19:45:18","guid":{"rendered":"http:\/\/indi.cviladecans.cat\/qui-es-qui-lindi\/"},"modified":"2017-04-10T20:03:08","modified_gmt":"2017-04-10T20:03:08","slug":"qui-es-qui-lindi","status":"publish","type":"post","link":"https:\/\/indi.cat\/es\/qui-es-qui-lindi\/","title":{"rendered":"\u00bfQui\u00e9n es qui\u00e9n en el IND+I?"},"content":{"rendered":"<div class=\"wpb-content-wrapper\"><p>[vc_row][vc_column][vc_column_text el_class=\u00bbsub-titu-negre\u00bb]\u00bfQui\u00e9n es qui\u00e9n en el IND+I?[\/vc_column_text][vc_single_image image=\u00bb582&#8243; img_size=\u00bbfull\u00bb alignment=\u00bbcenter\u00bb image_hovers=\u00bbfalse\u00bb][vc_column_text]<span class=\"s1\">La voluntad del IND+I de conectar de manera s\u00f3lida con la <strong>reflexi\u00f3n cient\u00edfica global sobre la tecnolog\u00eda y la innovaci\u00f3n<\/strong> y, a la vez, con las <strong>necesidades reales de las empresas innovadoras y los grandes retos de la sociedad<\/strong> y el planeta, nos hacen contar con un gran equipo de mentes pensantes. Este equipo, formado por el Consejo Asesor y el Consejo Cient\u00edfico, colabora d\u00eda a d\u00eda con el IND+I para posicionarlo como una jornada anual de referencia en la agenda de la innovaci\u00f3n y la industria.<\/span><\/p>\n<h3 class=\"p1\"><span class=\"s1\"><b>Consejo Asesor<\/b><\/span><\/h3>\n<div class=\"traductor-textarea form-group\">\n<div class=\"textarea-desti col-xs-12 col-sm-6\">\n<div class=\"form-control second-textarea\">Los miembros del Consejo Asesor son instituciones que <strong>gu\u00edan e impulsan la jornada<\/strong> desde una perspectiva prescriptora. Este consejo est\u00e1 formado por:<\/div>\n<\/div>\n<\/div>\n<p>[\/vc_column_text][\/vc_column][\/vc_row][vc_row][vc_column width=\u00bb1\/6&#8243;]<section class=\"shortcode-teaser img-full\"><div class=\"layzr-bg shortcode-teaser-img\"><img decoding=\"async\" class=\"lazy-load\" src=\"data:image\/svg+xml;charset=utf-8,%3Csvg xmlns%3D&#039;http%3A%2F%2Fwww.w3.org%2F2000%2Fsvg&#039; viewBox%3D&#039;0 0 400 400&#039;%2F%3E\" width=\"400\" height=\"400\" data-srcset=\"https:\/\/indi.cat\/wp-content\/uploads\/1cb781a.jpg 400w\" data-src=\"https:\/\/indi.cat\/wp-content\/uploads\/1cb781a.jpg\" \/><\/div><div class=\"shortcode-teaser-content text-big\"><p style=\"text-align: center;\"><strong><span class=\"s2\">Carles Ruiz<\/span><\/strong><span class=\"s2\"><br \/>\n<a href=\"http:\/\/www.viladecans.cat\/\">Ajuntament Viladecans<\/a><br \/>\n(President)<\/span><\/p>\n<\/div><\/section>[\/vc_column][vc_column width=\u00bb1\/6&#8243;]<section class=\"shortcode-teaser img-full\"><div class=\"layzr-bg shortcode-teaser-img\"><img decoding=\"async\" class=\"lazy-load\" src=\"data:image\/svg+xml;charset=utf-8,%3Csvg xmlns%3D&#039;http%3A%2F%2Fwww.w3.org%2F2000%2Fsvg&#039; viewBox%3D&#039;0 0 378 379&#039;%2F%3E\" width=\"378\" height=\"379\" data-srcset=\"https:\/\/indi.cat\/wp-content\/uploads\/14595002787312.jpg 378w\" data-src=\"https:\/\/indi.cat\/wp-content\/uploads\/14595002787312.jpg\" \/><\/div><div class=\"shortcode-teaser-content text-big\"><p style=\"text-align: center;\"><strong><span class=\"s2\"> Ramon Asensio<\/span><\/strong><span class=\"s2\"><br \/>\n<a href=\"http:\/\/www.roca.es\/\">Grup ROCA<\/a><br \/>\n<\/span><\/p>\n<\/div><\/section>[\/vc_column][vc_column width=\u00bb1\/6&#8243;]<section class=\"shortcode-teaser img-full\"><div class=\"layzr-bg shortcode-teaser-img\"><img decoding=\"async\" class=\"lazy-load\" src=\"data:image\/svg+xml;charset=utf-8,%3Csvg xmlns%3D&#039;http%3A%2F%2Fwww.w3.org%2F2000%2Fsvg&#039; viewBox%3D&#039;0 0 576 576&#039;%2F%3E\" width=\"576\" height=\"576\" data-srcset=\"https:\/\/indi.cat\/wp-content\/uploads\/image_gallery.jpg 576w\" data-src=\"https:\/\/indi.cat\/wp-content\/uploads\/image_gallery.jpg\" \/><\/div><div class=\"shortcode-teaser-content text-big\"><p style=\"text-align: center;\"><strong><span class=\"s2\">Josep Llu\u00eds Bonet<\/span><\/strong><span class=\"s2\"><br \/>\n<a href=\"http:\/\/www.firabarcelona.com\/\">Fira de Barcelona<\/a><br \/>\n<\/span><\/p>\n<\/div><\/section>[\/vc_column][vc_column width=\u00bb1\/6&#8243;]<section class=\"shortcode-teaser img-full\"><div class=\"layzr-bg shortcode-teaser-img\"><img decoding=\"async\" class=\"lazy-load\" src=\"data:image\/svg+xml;charset=utf-8,%3Csvg xmlns%3D&#039;http%3A%2F%2Fwww.w3.org%2F2000%2Fsvg&#039; viewBox%3D&#039;0 0 426 426&#039;%2F%3E\" width=\"426\" height=\"426\" data-srcset=\"https:\/\/indi.cat\/wp-content\/uploads\/candidato-primarias-psc-jaume-collboni-1395082828945.jpg 426w\" data-src=\"https:\/\/indi.cat\/wp-content\/uploads\/candidato-primarias-psc-jaume-collboni-1395082828945.jpg\" \/><\/div><div class=\"shortcode-teaser-content text-big\"><p style=\"text-align: center;\"><strong><span class=\"s2\">Jaume Collboni<\/span><\/strong><span class=\"s2\"><br \/>\n<a href=\"http:\/\/www.amb.cat\/s\/home.html\">\u00c0rea Metropolitana de Barcelona<\/a><\/span><\/p>\n<\/div><\/section>[\/vc_column][vc_column width=\u00bb1\/6&#8243;]<section class=\"shortcode-teaser img-full\"><div class=\"layzr-bg shortcode-teaser-img\"><img decoding=\"async\" class=\"lazy-load\" src=\"data:image\/svg+xml;charset=utf-8,%3Csvg xmlns%3D&#039;http%3A%2F%2Fwww.w3.org%2F2000%2Fsvg&#039; viewBox%3D&#039;0 0 173 173&#039;%2F%3E\" width=\"173\" height=\"173\" data-srcset=\"https:\/\/indi.cat\/wp-content\/uploads\/29fce75.jpg 173w\" data-src=\"https:\/\/indi.cat\/wp-content\/uploads\/29fce75.jpg\" \/><\/div><div class=\"shortcode-teaser-content text-big\"><p style=\"text-align: center;\"><strong><span class=\"s2\">Merc\u00e8 Conesa<\/span><\/strong><span class=\"s2\"><br \/>\n<a href=\"http:\/\/www.diba.cat\/es\">Diputaci\u00f3 de Barcelona<\/a><br \/>\n<\/span><\/p>\n<\/div><\/section>[\/vc_column][vc_column width=\u00bb1\/6&#8243;]<section class=\"shortcode-teaser img-full\"><div class=\"layzr-bg shortcode-teaser-img\"><img decoding=\"async\" class=\"lazy-load\" src=\"data:image\/svg+xml;charset=utf-8,%3Csvg xmlns%3D&#039;http%3A%2F%2Fwww.w3.org%2F2000%2Fsvg&#039; viewBox%3D&#039;0 0 397 397&#039;%2F%3E\" width=\"397\" height=\"397\" data-srcset=\"https:\/\/indi.cat\/wp-content\/uploads\/1c30537.jpg 397w\" data-src=\"https:\/\/indi.cat\/wp-content\/uploads\/1c30537.jpg\" \/><\/div><div class=\"shortcode-teaser-content text-big\"><p style=\"text-align: center;\"><strong><span class=\"s2\">Jordi Monta\u00f1a<\/span><\/strong><span class=\"s2\"><br \/>\n<a href=\"https:\/\/www.uvic.cat\/\">UVIC &#8211; UCC<\/a><\/span><\/p>\n<\/div><\/section>[\/vc_column][\/vc_row][vc_row][vc_column width=\u00bb1\/6&#8243;]<section class=\"shortcode-teaser img-full\"><div class=\"layzr-bg shortcode-teaser-img\"><img decoding=\"async\" class=\"lazy-load\" src=\"data:image\/svg+xml;charset=utf-8,%3Csvg xmlns%3D&#039;http%3A%2F%2Fwww.w3.org%2F2000%2Fsvg&#039; viewBox%3D&#039;0 0 128 128&#039;%2F%3E\" width=\"128\" height=\"128\" data-srcset=\"https:\/\/indi.cat\/wp-content\/uploads\/images.jpg 128w\" data-src=\"https:\/\/indi.cat\/wp-content\/uploads\/images.jpg\" \/><\/div><div class=\"shortcode-teaser-content text-big\"><p style=\"text-align: center;\"><strong><span class=\"s2\">Mariona Sanz<\/span><\/strong><span class=\"s2\"><br \/>\n<a href=\"http:\/\/web.gencat.cat\/ca\/inici\/\">Generalitat de Catalunya<\/a><br \/>\n<\/span><\/p>\n<\/div><\/section>[\/vc_column][vc_column width=\u00bb1\/6&#8243;]<section class=\"shortcode-teaser img-full\"><div class=\"layzr-bg shortcode-teaser-img\"><img decoding=\"async\" class=\"lazy-load\" src=\"data:image\/svg+xml;charset=utf-8,%3Csvg xmlns%3D&#039;http%3A%2F%2Fwww.w3.org%2F2000%2Fsvg&#039; viewBox%3D&#039;0 0 398 398&#039;%2F%3E\" width=\"398\" height=\"398\" data-srcset=\"https:\/\/indi.cat\/wp-content\/uploads\/1d41348.jpg 398w\" data-src=\"https:\/\/indi.cat\/wp-content\/uploads\/1d41348.jpg\" \/><\/div><div class=\"shortcode-teaser-content text-big\"><p style=\"text-align: center;\"><strong><span class=\"s2\">Xavier Torra<\/span><\/strong><span class=\"s2\"><br \/>\n<a href=\"http:\/\/eurecat.org\/es\/\">Eurecat<\/a><br \/>\n<\/span><\/p>\n<\/div><\/section>[\/vc_column][vc_column width=\u00bb1\/6&#8243;]<section class=\"shortcode-teaser img-full\"><div class=\"layzr-bg shortcode-teaser-img\"><img decoding=\"async\" class=\"lazy-load\" src=\"data:image\/svg+xml;charset=utf-8,%3Csvg xmlns%3D&#039;http%3A%2F%2Fwww.w3.org%2F2000%2Fsvg&#039; viewBox%3D&#039;0 0 450 450&#039;%2F%3E\" width=\"450\" height=\"450\" data-srcset=\"https:\/\/indi.cat\/wp-content\/uploads\/miquel-valls-cambra-15704.jpg 450w\" data-src=\"https:\/\/indi.cat\/wp-content\/uploads\/miquel-valls-cambra-15704.jpg\" \/><\/div><div class=\"shortcode-teaser-content text-big\"><p style=\"text-align: center;\"><strong><span class=\"s2\">Miquel Valls<\/span><\/strong><span class=\"s2\"><br \/>\n<a href=\"http:\/\/www.cambrabcn.org\/es\">Cambra de Comer\u00e7 de Barcelona<\/a><br \/>\n<\/span><\/p>\n<\/div><\/section>[\/vc_column][vc_column width=\u00bb1\/6&#8243;]<section class=\"shortcode-teaser img-full\"><div class=\"layzr-bg shortcode-teaser-img\"><img decoding=\"async\" class=\"lazy-load\" src=\"data:image\/svg+xml;charset=utf-8,%3Csvg xmlns%3D&#039;http%3A%2F%2Fwww.w3.org%2F2000%2Fsvg&#039; viewBox%3D&#039;0 0 206 206&#039;%2F%3E\" width=\"206\" height=\"206\" data-srcset=\"https:\/\/indi.cat\/wp-content\/uploads\/271d973.jpg 206w\" data-src=\"https:\/\/indi.cat\/wp-content\/uploads\/271d973.jpg\" \/><\/div><div class=\"shortcode-teaser-content text-big\"><p style=\"text-align: center;\"><strong><span class=\"s2\">Jordi\u00a0Garc\u00eda Brustenga<\/span><\/strong><span class=\"s2\"><br \/>\n<a href=\"http:\/\/www.viladecans.cat\/\">Ajuntament de Viladecans<\/a><br \/>\n(Secretari)<\/span><\/p>\n<\/div><\/section>[\/vc_column][vc_column width=\u00bb1\/6&#8243;][\/vc_column][vc_column width=\u00bb1\/6&#8243;][\/vc_column][\/vc_row][vc_row][vc_column][vc_column_text]<\/p>\n<h3 class=\"p1\">Consejo Cient\u00edfico<\/h3>\n<p class=\"p1\"><span class=\"s1\">El Consejo Cient\u00edfico anualmente se encarga de <strong>proponer el relato, la agenda y los ponentes<\/strong> del IND+I y de<strong> dinamizar el<\/strong> <strong><a href=\"https:\/\/indi.cat\/club3\/\">IND+I Club<\/a><\/strong> y sus iniciativas. Los miembros de este consejo sue\u00f1o <strong>personas de referencia<\/strong> en el \u00e1mbito de la innovaci\u00f3n:<\/span><\/p>\n<p>[\/vc_column_text][\/vc_column][\/vc_row][vc_row][vc_column width=\u00bb1\/6&#8243;]<section class=\"shortcode-teaser img-full\"><div class=\"layzr-bg shortcode-teaser-img\"><img decoding=\"async\" class=\"lazy-load\" src=\"data:image\/svg+xml;charset=utf-8,%3Csvg xmlns%3D&#039;http%3A%2F%2Fwww.w3.org%2F2000%2Fsvg&#039; viewBox%3D&#039;0 0 398 398&#039;%2F%3E\" width=\"398\" height=\"398\" data-srcset=\"https:\/\/indi.cat\/wp-content\/uploads\/AAEAAQAAAAAAAAXLAAAAJDY1NmM2N2JjLTVjNmEtNGZiZS04ZGU0LTk3NTQ1OGE0ZDViYQ.jpg 398w\" data-src=\"https:\/\/indi.cat\/wp-content\/uploads\/AAEAAQAAAAAAAAXLAAAAJDY1NmM2N2JjLTVjNmEtNGZiZS04ZGU0LTk3NTQ1OGE0ZDViYQ.jpg\" \/><\/div><div class=\"shortcode-teaser-content text-big\"><p style=\"text-align: center;\"><strong><span class=\"s2\">Xavier Ferr\u00e0s<\/span><\/strong><span class=\"s2\"><br \/>\n<a href=\"https:\/\/www.uvic.cat\/es\">UVIC &#8211; UCC<br \/>\n<\/a>(President)<br \/>\n<\/span><\/p>\n<\/div><\/section>[\/vc_column][vc_column width=\u00bb1\/6&#8243;]<section class=\"shortcode-teaser img-full\"><div class=\"layzr-bg shortcode-teaser-img\"><img decoding=\"async\" class=\"lazy-load\" src=\"data:image\/svg+xml;charset=utf-8,%3Csvg xmlns%3D&#039;http%3A%2F%2Fwww.w3.org%2F2000%2Fsvg&#039; viewBox%3D&#039;0 0 300 300&#039;%2F%3E\" width=\"300\" height=\"300\" data-srcset=\"https:\/\/indi.cat\/wp-content\/uploads\/AAEAAQAAAAAAAAkKAAAAJGY1NTRhOGRjLTkxNWUtNGNlMC05NjA4LTY4MjkyOTZhZDRkZQ.jpg 300w\" data-src=\"https:\/\/indi.cat\/wp-content\/uploads\/AAEAAQAAAAAAAAkKAAAAJGY1NTRhOGRjLTkxNWUtNGNlMC05NjA4LTY4MjkyOTZhZDRkZQ.jpg\" \/><\/div><div class=\"shortcode-teaser-content text-big\"><p style=\"text-align: center;\"><strong><span class=\"s2\">Oriol Alcoba<\/span><\/strong><span class=\"s2\"><br \/>\n<a href=\"http:\/\/www.esadecreapolis.com\/\">ESADECREAPOLIS<\/a><br \/>\n<\/span><\/p>\n<\/div><\/section>[\/vc_column][vc_column width=\u00bb1\/6&#8243;]<section class=\"shortcode-teaser img-full\"><div class=\"layzr-bg shortcode-teaser-img\"><img decoding=\"async\" class=\"lazy-load\" src=\"data:image\/svg+xml;charset=utf-8,%3Csvg xmlns%3D&#039;http%3A%2F%2Fwww.w3.org%2F2000%2Fsvg&#039; viewBox%3D&#039;0 0 400 400&#039;%2F%3E\" width=\"400\" height=\"400\" data-srcset=\"https:\/\/indi.cat\/wp-content\/uploads\/AAEAAQAAAAAAAAguAAAAJGNhZjQxMmE4LTM1ZmUtNDgyNy1hZmQ1LTliMWM0YmMwMzEwMg.jpg 400w\" data-src=\"https:\/\/indi.cat\/wp-content\/uploads\/AAEAAQAAAAAAAAguAAAAJGNhZjQxMmE4LTM1ZmUtNDgyNy1hZmQ1LTliMWM0YmMwMzEwMg.jpg\" \/><\/div><div class=\"shortcode-teaser-content text-big\"><p style=\"text-align: center;\"><strong><span class=\"s2\">Enric Barba<\/span><\/strong><span class=\"s2\"><br \/>\n<a href=\"http:\/\/www.cecot.org\/\">CECOT<\/a><br \/>\n<\/span><\/p>\n<\/div><\/section>[\/vc_column][vc_column width=\u00bb1\/6&#8243;]<section class=\"shortcode-teaser img-full\"><div class=\"layzr-bg shortcode-teaser-img\"><img decoding=\"async\" class=\"lazy-load\" src=\"data:image\/svg+xml;charset=utf-8,%3Csvg xmlns%3D&#039;http%3A%2F%2Fwww.w3.org%2F2000%2Fsvg&#039; viewBox%3D&#039;0 0 166 166&#039;%2F%3E\" width=\"166\" height=\"166\" data-srcset=\"https:\/\/indi.cat\/wp-content\/uploads\/26ce5be.jpg 166w\" data-src=\"https:\/\/indi.cat\/wp-content\/uploads\/26ce5be.jpg\" \/><\/div><div class=\"shortcode-teaser-content text-big\"><p style=\"text-align: center;\"><strong><span class=\"s2\">Guillermo Dorronsoro<\/span><\/strong><span class=\"s2\"><br \/>\n<a href=\"http:\/\/dbs.deusto.es\/\">Deusto Business School<\/a><br \/>\n<\/span><\/p>\n<\/div><\/section>[\/vc_column][vc_column width=\u00bb1\/6&#8243;]<section class=\"shortcode-teaser img-full\"><div class=\"layzr-bg shortcode-teaser-img\"><img decoding=\"async\" class=\"lazy-load\" src=\"data:image\/svg+xml;charset=utf-8,%3Csvg xmlns%3D&#039;http%3A%2F%2Fwww.w3.org%2F2000%2Fsvg&#039; viewBox%3D&#039;0 0 383 383&#039;%2F%3E\" width=\"383\" height=\"383\" data-srcset=\"https:\/\/indi.cat\/wp-content\/uploads\/1dad0ce.jpg 383w\" data-src=\"https:\/\/indi.cat\/wp-content\/uploads\/1dad0ce.jpg\" \/><\/div><div class=\"shortcode-teaser-content text-big\"><p style=\"text-align: center;\"><strong><span class=\"s2\">Oriol Estela<\/span><\/strong><span class=\"s2\"><br \/>\n<a href=\"http:\/\/www.pemb.cat\/es\">Pla Estrat\u00e8gic Metropolit\u00e0 de Barcelona<\/a><br \/>\n<\/span><\/p>\n<\/div><\/section>[\/vc_column][vc_column width=\u00bb1\/6&#8243;]<section class=\"shortcode-teaser img-full\"><div class=\"layzr-bg shortcode-teaser-img\"><img decoding=\"async\" class=\"lazy-load\" src=\"data:image\/svg+xml;charset=utf-8,%3Csvg xmlns%3D&#039;http%3A%2F%2Fwww.w3.org%2F2000%2Fsvg&#039; viewBox%3D&#039;0 0 322 322&#039;%2F%3E\" width=\"322\" height=\"322\" data-srcset=\"https:\/\/indi.cat\/wp-content\/uploads\/2cce4e3.jpg 322w\" data-src=\"https:\/\/indi.cat\/wp-content\/uploads\/2cce4e3.jpg\" \/><\/div><div class=\"shortcode-teaser-content text-big\"><p style=\"text-align: center;\"><strong><span class=\"s2\">Xavier L\u00f3pez<\/span><\/strong><span class=\"s2\"><br \/>\n<a href=\"http:\/\/eurecat.org\/es\/\">Eurecat<\/a><br \/>\n<\/span><\/p>\n<\/div><\/section>[\/vc_column][\/vc_row][vc_row][vc_column width=\u00bb1\/6&#8243;]<section class=\"shortcode-teaser img-full\"><div class=\"layzr-bg shortcode-teaser-img\"><img decoding=\"async\" class=\"lazy-load\" src=\"data:image\/svg+xml;charset=utf-8,%3Csvg xmlns%3D&#039;http%3A%2F%2Fwww.w3.org%2F2000%2Fsvg&#039; viewBox%3D&#039;0 0 400 400&#039;%2F%3E\" width=\"400\" height=\"400\" data-srcset=\"https:\/\/indi.cat\/wp-content\/uploads\/2ba3a19.jpg 400w\" data-src=\"https:\/\/indi.cat\/wp-content\/uploads\/2ba3a19.jpg\" \/><\/div><div class=\"shortcode-teaser-content text-big\"><p style=\"text-align: center;\"><strong><span class=\"s2\">Leandre Mayola<\/span><\/strong><span class=\"s2\"><br \/>\n<a href=\"http:\/\/www.diba.cat\/es\">Diputaci\u00f3 de Barcelona<\/a><br \/>\n<\/span><\/p>\n<\/div><\/section>[\/vc_column][vc_column width=\u00bb1\/6&#8243;]<section class=\"shortcode-teaser img-full\"><div class=\"layzr-bg shortcode-teaser-img\"><img decoding=\"async\" class=\"lazy-load\" src=\"data:image\/svg+xml;charset=utf-8,%3Csvg xmlns%3D&#039;http%3A%2F%2Fwww.w3.org%2F2000%2Fsvg&#039; viewBox%3D&#039;0 0 202 202&#039;%2F%3E\" width=\"202\" height=\"202\" data-srcset=\"https:\/\/indi.cat\/wp-content\/uploads\/1903c61.jpg 202w\" data-src=\"https:\/\/indi.cat\/wp-content\/uploads\/1903c61.jpg\" \/><\/div><div class=\"shortcode-teaser-content text-big\"><p style=\"text-align: center;\"><strong><span class=\"s2\">Carme Poveda<\/span><\/strong><span class=\"s2\"><br \/>\n<a href=\"http:\/\/www.cambrabcn.org\/es\">Cambra de Comer\u00e7 de Barcelona<\/a><br \/>\n<\/span><\/p>\n<\/div><\/section>[\/vc_column][vc_column width=\u00bb1\/6&#8243;]<section class=\"shortcode-teaser img-full\"><div class=\"layzr-bg shortcode-teaser-img\"><img decoding=\"async\" class=\"lazy-load\" src=\"data:image\/svg+xml;charset=utf-8,%3Csvg xmlns%3D&#039;http%3A%2F%2Fwww.w3.org%2F2000%2Fsvg&#039; viewBox%3D&#039;0 0 400 400&#039;%2F%3E\" width=\"400\" height=\"400\" data-srcset=\"https:\/\/indi.cat\/wp-content\/uploads\/AAEAAQAAAAAAAAqhAAAAJDQ5Y2Y1MjQzLWFiYjAtNGI4YS04ZjM0LTI2MzAzNTg0YzFhNQ.jpg 400w\" data-src=\"https:\/\/indi.cat\/wp-content\/uploads\/AAEAAQAAAAAAAAqhAAAAJDQ5Y2Y1MjQzLWFiYjAtNGI4YS04ZjM0LTI2MzAzNTg0YzFhNQ.jpg\" \/><\/div><div class=\"shortcode-teaser-content text-big\"><p style=\"text-align: center;\"><strong><span class=\"s2\">Carles Rivera<\/span><\/strong><span class=\"s2\"><br \/>\n<a href=\"http:\/\/www.pacteindustrial.org\/index.php\/es\">Pacte Industrial de la RMB<\/a><\/span><\/p>\n<\/div><\/section>[\/vc_column][vc_column width=\u00bb1\/6&#8243;]<section class=\"shortcode-teaser img-full\"><div class=\"layzr-bg shortcode-teaser-img\"><img decoding=\"async\" class=\"lazy-load\" src=\"data:image\/svg+xml;charset=utf-8,%3Csvg xmlns%3D&#039;http%3A%2F%2Fwww.w3.org%2F2000%2Fsvg&#039; viewBox%3D&#039;0 0 400 400&#039;%2F%3E\" width=\"400\" height=\"400\" data-srcset=\"https:\/\/indi.cat\/wp-content\/uploads\/133f334.jpg 400w\" data-src=\"https:\/\/indi.cat\/wp-content\/uploads\/133f334.jpg\" \/><\/div><div class=\"shortcode-teaser-content text-big\"><p style=\"text-align: center;\"><strong><span class=\"s2\">Anna M. S\u00e1nchez<\/span><\/strong><span class=\"s2\"><br \/>\n<a href=\"https:\/\/twitter.com\/iTimes_\">ITIMES Advisers<\/a><br \/>\n<\/span><\/p>\n<\/div><\/section>[\/vc_column][vc_column width=\u00bb1\/6&#8243;]<section class=\"shortcode-teaser img-full\"><div class=\"layzr-bg shortcode-teaser-img\"><img decoding=\"async\" class=\"lazy-load\" src=\"data:image\/svg+xml;charset=utf-8,%3Csvg xmlns%3D&#039;http%3A%2F%2Fwww.w3.org%2F2000%2Fsvg&#039; viewBox%3D&#039;0 0 423 423&#039;%2F%3E\" width=\"423\" height=\"423\" data-srcset=\"https:\/\/indi.cat\/wp-content\/uploads\/joan-sansaloni.jpg 423w\" data-src=\"https:\/\/indi.cat\/wp-content\/uploads\/joan-sansaloni.jpg\" \/><\/div><div class=\"shortcode-teaser-content text-big\"><p style=\"text-align: center;\"><strong><span class=\"s2\">Joan Sansaloni<\/span><\/strong><span class=\"s2\"><br \/>\n<a href=\"http:\/\/accio.gencat.cat\/cat\/\">ACCI\u00d3<\/a><br \/>\n<\/span><\/p>\n<\/div><\/section>[\/vc_column][vc_column width=\u00bb1\/6&#8243;]<section class=\"shortcode-teaser img-full\"><div class=\"layzr-bg shortcode-teaser-img\"><img decoding=\"async\" class=\"lazy-load\" src=\"data:image\/svg+xml;charset=utf-8,%3Csvg xmlns%3D&#039;http%3A%2F%2Fwww.w3.org%2F2000%2Fsvg&#039; viewBox%3D&#039;0 0 263 263&#039;%2F%3E\" width=\"263\" height=\"263\" data-srcset=\"https:\/\/indi.cat\/wp-content\/uploads\/2ada15b.jpg 263w\" data-src=\"https:\/\/indi.cat\/wp-content\/uploads\/2ada15b.jpg\" \/><\/div><div class=\"shortcode-teaser-content text-big\"><p style=\"text-align: center;\"><strong><span class=\"s2\">H\u00e8ctor Santcovsky<\/span><\/strong><span class=\"s2\"><br \/>\n<a href=\"http:\/\/www.amb.cat\/s\/home.html\">\u00c0rea Metropolitana de Barcelona<\/a><br \/>\n<\/span><\/p>\n<\/div><\/section>[\/vc_column][\/vc_row][vc_row][vc_column width=\u00bb1\/6&#8243;]<section class=\"shortcode-teaser img-full\"><div class=\"layzr-bg shortcode-teaser-img\"><img decoding=\"async\" class=\"lazy-load\" src=\"data:image\/svg+xml;charset=utf-8,%3Csvg xmlns%3D&#039;http%3A%2F%2Fwww.w3.org%2F2000%2Fsvg&#039; viewBox%3D&#039;0 0 400 400&#039;%2F%3E\" width=\"400\" height=\"400\" data-srcset=\"https:\/\/indi.cat\/wp-content\/uploads\/30e231a.jpg 400w\" data-src=\"https:\/\/indi.cat\/wp-content\/uploads\/30e231a.jpg\" \/><\/div><div class=\"shortcode-teaser-content text-big\"><p style=\"text-align: center;\"><strong><span class=\"s2\">Pere Serra<\/span><\/strong><span class=\"s2\"><br \/>\n<a href=\"http:\/\/incasol.gencat.cat\/es\/\">Incas\u00f2l<\/a><br \/>\n<\/span><\/p>\n<\/div><\/section>[\/vc_column][vc_column width=\u00bb1\/6&#8243;]<section class=\"shortcode-teaser img-full\"><div class=\"layzr-bg shortcode-teaser-img\"><img decoding=\"async\" class=\"lazy-load\" src=\"data:image\/svg+xml;charset=utf-8,%3Csvg xmlns%3D&#039;http%3A%2F%2Fwww.w3.org%2F2000%2Fsvg&#039; viewBox%3D&#039;0 0 206 206&#039;%2F%3E\" width=\"206\" height=\"206\" data-srcset=\"https:\/\/indi.cat\/wp-content\/uploads\/271d973.jpg 206w\" data-src=\"https:\/\/indi.cat\/wp-content\/uploads\/271d973.jpg\" \/><\/div><div class=\"shortcode-teaser-content text-big\"><p style=\"text-align: center;\"><span class=\"s2\"><strong>Jordi\u00a0Garc\u00eda Brustenga<\/strong><br \/>\n<a href=\"http:\/\/www.viladecans.cat\/\">Ajuntament de Viladecans<\/a><br \/>\n(Secretari)<br \/>\n<\/span><\/p>\n<\/div><\/section>[\/vc_column][vc_column width=\u00bb1\/6&#8243;][\/vc_column][vc_column width=\u00bb1\/6&#8243;][\/vc_column][vc_column width=\u00bb1\/6&#8243;][\/vc_column][vc_column width=\u00bb1\/6&#8243;][\/vc_column][\/vc_row]<\/p>\n<\/div>","protected":false},"excerpt":{"rendered":"<p>[vc_row][vc_column][vc_column_text el_class=\u00bbsub-titu-negre\u00bb]\u00bfQui\u00e9n es qui\u00e9n en el IND+I?[\/vc_column_text][vc_single_image image=\u00bb582&#8243; img_size=\u00bbfull\u00bb alignment=\u00bbcenter\u00bb image_hovers=\u00bbfalse\u00bb][vc_column_text]La voluntad del IND+I de conectar de manera s\u00f3lida con la reflexi\u00f3n cient\u00edfica global sobre la tecnolog\u00eda y la innovaci\u00f3n y, a la vez, con las necesidades reales de las empresas innovadoras y los grandes retos de la sociedad y el planeta, nos hacen contar&hellip;<\/p>\n","protected":false},"author":2,"featured_media":539,"comment_status":"closed","ping_status":"open","sticky":false,"template":"","format":"standard","meta":{"footnotes":""},"categories":[29],"tags":[],"class_list":["post-613","post","type-post","status-publish","format-standard","has-post-thumbnail","hentry","category-noticies-es","category-29","description-off"],"yoast_head":"<!-- This site is optimized with the Yoast SEO plugin v27.2 - https:\/\/yoast.com\/product\/yoast-seo-wordpress\/ -->\n<title>\u00bfQui\u00e9n es qui\u00e9n en el IND+I? - IND+I 2025<\/title>\n<meta name=\"robots\" content=\"index, follow, max-snippet:-1, max-image-preview:large, max-video-preview:-1\" \/>\n<link rel=\"canonical\" href=\"https:\/\/indi.cat\/es\/qui-es-qui-lindi\/\" \/>\n<meta property=\"og:locale\" content=\"es_ES\" \/>\n<meta property=\"og:type\" content=\"article\" \/>\n<meta property=\"og:title\" content=\"\u00bfQui\u00e9n es qui\u00e9n en el IND+I? - IND+I 2025\" \/>\n<meta property=\"og:description\" content=\"[vc_row][vc_column][vc_column_text el_class=\u00bbsub-titu-negre\u00bb]\u00bfQui\u00e9n es qui\u00e9n en el IND+I?[\/vc_column_text][vc_single_image image=\u00bb582&#8243; img_size=\u00bbfull\u00bb alignment=\u00bbcenter\u00bb image_hovers=\u00bbfalse\u00bb][vc_column_text]La voluntad del IND+I de conectar de manera s\u00f3lida con la reflexi\u00f3n cient\u00edfica global sobre la tecnolog\u00eda y la innovaci\u00f3n y, a la vez, con las necesidades reales de las empresas innovadoras y los grandes retos de la sociedad y el planeta, nos hacen contar&hellip;\" \/>\n<meta property=\"og:url\" content=\"https:\/\/indi.cat\/es\/qui-es-qui-lindi\/\" \/>\n<meta property=\"og:site_name\" content=\"IND+I 2025\" \/>\n<meta property=\"article:published_time\" content=\"2017-04-10T19:45:18+00:00\" \/>\n<meta property=\"article:modified_time\" content=\"2017-04-10T20:03:08+00:00\" \/>\n<meta property=\"og:image\" content=\"https:\/\/indi.cat\/wp-content\/uploads\/indi20171.gif\" \/>\n\t<meta property=\"og:image:width\" content=\"200\" \/>\n\t<meta property=\"og:image:height\" content=\"200\" \/>\n\t<meta property=\"og:image:type\" content=\"image\/gif\" \/>\n<meta name=\"author\" content=\"Viladecans\" \/>\n<meta name=\"twitter:card\" content=\"summary_large_image\" \/>\n<meta name=\"twitter:creator\" content=\"@INDI_viladecans\" \/>\n<meta name=\"twitter:site\" content=\"@INDI_viladecans\" \/>\n<script type=\"application\/ld+json\" class=\"yoast-schema-graph\">{\"@context\":\"https:\/\/schema.org\",\"@graph\":[{\"@type\":\"Article\",\"@id\":\"https:\/\/indi.cat\/es\/qui-es-qui-lindi\/#article\",\"isPartOf\":{\"@id\":\"https:\/\/indi.cat\/es\/qui-es-qui-lindi\/\"},\"author\":{\"name\":\"Viladecans\",\"@id\":\"https:\/\/indi.cat\/#\/schema\/person\/f626896f5ce24538d0f0f3c9bd60d194\"},\"headline\":\"\u00bfQui\u00e9n es qui\u00e9n en el IND+I?\",\"datePublished\":\"2017-04-10T19:45:18+00:00\",\"dateModified\":\"2017-04-10T20:03:08+00:00\",\"mainEntityOfPage\":{\"@id\":\"https:\/\/indi.cat\/es\/qui-es-qui-lindi\/\"},\"wordCount\":686,\"image\":{\"@id\":\"https:\/\/indi.cat\/es\/qui-es-qui-lindi\/#primaryimage\"},\"thumbnailUrl\":\"https:\/\/indi.cat\/wp-content\/uploads\/indi20171.gif\",\"articleSection\":[\"noticies\"],\"inLanguage\":\"es\"},{\"@type\":\"WebPage\",\"@id\":\"https:\/\/indi.cat\/es\/qui-es-qui-lindi\/\",\"url\":\"https:\/\/indi.cat\/es\/qui-es-qui-lindi\/\",\"name\":\"\u00bfQui\u00e9n es qui\u00e9n en el IND+I? - IND+I 2025\",\"isPartOf\":{\"@id\":\"https:\/\/indi.cat\/#website\"},\"primaryImageOfPage\":{\"@id\":\"https:\/\/indi.cat\/es\/qui-es-qui-lindi\/#primaryimage\"},\"image\":{\"@id\":\"https:\/\/indi.cat\/es\/qui-es-qui-lindi\/#primaryimage\"},\"thumbnailUrl\":\"https:\/\/indi.cat\/wp-content\/uploads\/indi20171.gif\",\"datePublished\":\"2017-04-10T19:45:18+00:00\",\"dateModified\":\"2017-04-10T20:03:08+00:00\",\"author\":{\"@id\":\"https:\/\/indi.cat\/#\/schema\/person\/f626896f5ce24538d0f0f3c9bd60d194\"},\"breadcrumb\":{\"@id\":\"https:\/\/indi.cat\/es\/qui-es-qui-lindi\/#breadcrumb\"},\"inLanguage\":\"es\",\"potentialAction\":[{\"@type\":\"ReadAction\",\"target\":[\"https:\/\/indi.cat\/es\/qui-es-qui-lindi\/\"]}]},{\"@type\":\"ImageObject\",\"inLanguage\":\"es\",\"@id\":\"https:\/\/indi.cat\/es\/qui-es-qui-lindi\/#primaryimage\",\"url\":\"https:\/\/indi.cat\/wp-content\/uploads\/indi20171.gif\",\"contentUrl\":\"https:\/\/indi.cat\/wp-content\/uploads\/indi20171.gif\",\"width\":200,\"height\":200},{\"@type\":\"BreadcrumbList\",\"@id\":\"https:\/\/indi.cat\/es\/qui-es-qui-lindi\/#breadcrumb\",\"itemListElement\":[{\"@type\":\"ListItem\",\"position\":1,\"name\":\"Home\",\"item\":\"https:\/\/indi.cat\/es\/\"},{\"@type\":\"ListItem\",\"position\":2,\"name\":\"\u00bfQui\u00e9n es qui\u00e9n en el IND+I?\"}]},{\"@type\":\"WebSite\",\"@id\":\"https:\/\/indi.cat\/#website\",\"url\":\"https:\/\/indi.cat\/\",\"name\":\"IND+I 2025\",\"description\":\"Viladecans\",\"potentialAction\":[{\"@type\":\"SearchAction\",\"target\":{\"@type\":\"EntryPoint\",\"urlTemplate\":\"https:\/\/indi.cat\/?s={search_term_string}\"},\"query-input\":{\"@type\":\"PropertyValueSpecification\",\"valueRequired\":true,\"valueName\":\"search_term_string\"}}],\"inLanguage\":\"es\"},{\"@type\":\"Person\",\"@id\":\"https:\/\/indi.cat\/#\/schema\/person\/f626896f5ce24538d0f0f3c9bd60d194\",\"name\":\"Viladecans\",\"image\":{\"@type\":\"ImageObject\",\"inLanguage\":\"es\",\"@id\":\"https:\/\/secure.gravatar.com\/avatar\/e2628e185adf02fa5908f8939a786c0367b888717614b01bb310a9b9cd271c45?s=96&d=mm&r=g\",\"url\":\"https:\/\/secure.gravatar.com\/avatar\/e2628e185adf02fa5908f8939a786c0367b888717614b01bb310a9b9cd271c45?s=96&d=mm&r=g\",\"contentUrl\":\"https:\/\/secure.gravatar.com\/avatar\/e2628e185adf02fa5908f8939a786c0367b888717614b01bb310a9b9cd271c45?s=96&d=mm&r=g\",\"caption\":\"Viladecans\"},\"url\":\"https:\/\/indi.cat\/es\/author\/viladecans\/\"}]}<\/script>\n<!-- \/ Yoast SEO plugin. -->","yoast_head_json":{"title":"\u00bfQui\u00e9n es qui\u00e9n en el IND+I? - IND+I 2025","robots":{"index":"index","follow":"follow","max-snippet":"max-snippet:-1","max-image-preview":"max-image-preview:large","max-video-preview":"max-video-preview:-1"},"canonical":"https:\/\/indi.cat\/es\/qui-es-qui-lindi\/","og_locale":"es_ES","og_type":"article","og_title":"\u00bfQui\u00e9n es qui\u00e9n en el IND+I? - IND+I 2025","og_description":"[vc_row][vc_column][vc_column_text el_class=\u00bbsub-titu-negre\u00bb]\u00bfQui\u00e9n es qui\u00e9n en el IND+I?[\/vc_column_text][vc_single_image image=\u00bb582&#8243; img_size=\u00bbfull\u00bb alignment=\u00bbcenter\u00bb image_hovers=\u00bbfalse\u00bb][vc_column_text]La voluntad del IND+I de conectar de manera s\u00f3lida con la reflexi\u00f3n cient\u00edfica global sobre la tecnolog\u00eda y la innovaci\u00f3n y, a la vez, con las necesidades reales de las empresas innovadoras y los grandes retos de la sociedad y el planeta, nos hacen contar&hellip;","og_url":"https:\/\/indi.cat\/es\/qui-es-qui-lindi\/","og_site_name":"IND+I 2025","article_published_time":"2017-04-10T19:45:18+00:00","article_modified_time":"2017-04-10T20:03:08+00:00","og_image":[{"width":200,"height":200,"url":"https:\/\/indi.cat\/wp-content\/uploads\/indi20171.gif","type":"image\/gif"}],"author":"Viladecans","twitter_card":"summary_large_image","twitter_creator":"@INDI_viladecans","twitter_site":"@INDI_viladecans","schema":{"@context":"https:\/\/schema.org","@graph":[{"@type":"Article","@id":"https:\/\/indi.cat\/es\/qui-es-qui-lindi\/#article","isPartOf":{"@id":"https:\/\/indi.cat\/es\/qui-es-qui-lindi\/"},"author":{"name":"Viladecans","@id":"https:\/\/indi.cat\/#\/schema\/person\/f626896f5ce24538d0f0f3c9bd60d194"},"headline":"\u00bfQui\u00e9n es qui\u00e9n en el IND+I?","datePublished":"2017-04-10T19:45:18+00:00","dateModified":"2017-04-10T20:03:08+00:00","mainEntityOfPage":{"@id":"https:\/\/indi.cat\/es\/qui-es-qui-lindi\/"},"wordCount":686,"image":{"@id":"https:\/\/indi.cat\/es\/qui-es-qui-lindi\/#primaryimage"},"thumbnailUrl":"https:\/\/indi.cat\/wp-content\/uploads\/indi20171.gif","articleSection":["noticies"],"inLanguage":"es"},{"@type":"WebPage","@id":"https:\/\/indi.cat\/es\/qui-es-qui-lindi\/","url":"https:\/\/indi.cat\/es\/qui-es-qui-lindi\/","name":"\u00bfQui\u00e9n es qui\u00e9n en el IND+I? - IND+I 2025","isPartOf":{"@id":"https:\/\/indi.cat\/#website"},"primaryImageOfPage":{"@id":"https:\/\/indi.cat\/es\/qui-es-qui-lindi\/#primaryimage"},"image":{"@id":"https:\/\/indi.cat\/es\/qui-es-qui-lindi\/#primaryimage"},"thumbnailUrl":"https:\/\/indi.cat\/wp-content\/uploads\/indi20171.gif","datePublished":"2017-04-10T19:45:18+00:00","dateModified":"2017-04-10T20:03:08+00:00","author":{"@id":"https:\/\/indi.cat\/#\/schema\/person\/f626896f5ce24538d0f0f3c9bd60d194"},"breadcrumb":{"@id":"https:\/\/indi.cat\/es\/qui-es-qui-lindi\/#breadcrumb"},"inLanguage":"es","potentialAction":[{"@type":"ReadAction","target":["https:\/\/indi.cat\/es\/qui-es-qui-lindi\/"]}]},{"@type":"ImageObject","inLanguage":"es","@id":"https:\/\/indi.cat\/es\/qui-es-qui-lindi\/#primaryimage","url":"https:\/\/indi.cat\/wp-content\/uploads\/indi20171.gif","contentUrl":"https:\/\/indi.cat\/wp-content\/uploads\/indi20171.gif","width":200,"height":200},{"@type":"BreadcrumbList","@id":"https:\/\/indi.cat\/es\/qui-es-qui-lindi\/#breadcrumb","itemListElement":[{"@type":"ListItem","position":1,"name":"Home","item":"https:\/\/indi.cat\/es\/"},{"@type":"ListItem","position":2,"name":"\u00bfQui\u00e9n es qui\u00e9n en el IND+I?"}]},{"@type":"WebSite","@id":"https:\/\/indi.cat\/#website","url":"https:\/\/indi.cat\/","name":"IND+I 2025","description":"Viladecans","potentialAction":[{"@type":"SearchAction","target":{"@type":"EntryPoint","urlTemplate":"https:\/\/indi.cat\/?s={search_term_string}"},"query-input":{"@type":"PropertyValueSpecification","valueRequired":true,"valueName":"search_term_string"}}],"inLanguage":"es"},{"@type":"Person","@id":"https:\/\/indi.cat\/#\/schema\/person\/f626896f5ce24538d0f0f3c9bd60d194","name":"Viladecans","image":{"@type":"ImageObject","inLanguage":"es","@id":"https:\/\/secure.gravatar.com\/avatar\/e2628e185adf02fa5908f8939a786c0367b888717614b01bb310a9b9cd271c45?s=96&d=mm&r=g","url":"https:\/\/secure.gravatar.com\/avatar\/e2628e185adf02fa5908f8939a786c0367b888717614b01bb310a9b9cd271c45?s=96&d=mm&r=g","contentUrl":"https:\/\/secure.gravatar.com\/avatar\/e2628e185adf02fa5908f8939a786c0367b888717614b01bb310a9b9cd271c45?s=96&d=mm&r=g","caption":"Viladecans"},"url":"https:\/\/indi.cat\/es\/author\/viladecans\/"}]}},"_links":{"self":[{"href":"https:\/\/indi.cat\/es\/wp-json\/wp\/v2\/posts\/613","targetHints":{"allow":["GET"]}}],"collection":[{"href":"https:\/\/indi.cat\/es\/wp-json\/wp\/v2\/posts"}],"about":[{"href":"https:\/\/indi.cat\/es\/wp-json\/wp\/v2\/types\/post"}],"author":[{"embeddable":true,"href":"https:\/\/indi.cat\/es\/wp-json\/wp\/v2\/users\/2"}],"replies":[{"embeddable":true,"href":"https:\/\/indi.cat\/es\/wp-json\/wp\/v2\/comments?post=613"}],"version-history":[{"count":0,"href":"https:\/\/indi.cat\/es\/wp-json\/wp\/v2\/posts\/613\/revisions"}],"wp:featuredmedia":[{"embeddable":true,"href":"https:\/\/indi.cat\/es\/wp-json\/wp\/v2\/media\/539"}],"wp:attachment":[{"href":"https:\/\/indi.cat\/es\/wp-json\/wp\/v2\/media?parent=613"}],"wp:term":[{"taxonomy":"category","embeddable":true,"href":"https:\/\/indi.cat\/es\/wp-json\/wp\/v2\/categories?post=613"},{"taxonomy":"post_tag","embeddable":true,"href":"https:\/\/indi.cat\/es\/wp-json\/wp\/v2\/tags?post=613"}],"curies":[{"name":"wp","href":"https:\/\/api.w.org\/{rel}","templated":true}]}}